{"id":525,"date":"2021-10-12T11:46:09","date_gmt":"2021-10-12T11:46:09","guid":{"rendered":"https:\/\/brok.qodeinteractive.com\/?p=525"},"modified":"2024-12-20T09:28:18","modified_gmt":"2024-12-20T08:28:18","slug":"base-nautique-de-sciez-sur-leman-architecte","status":"publish","type":"post","link":"https:\/\/dessein-architectes.com\/index.php\/2021\/10\/12\/base-nautique-de-sciez-sur-leman-architecte\/","title":{"rendered":"BASE NAUTIQUE DE SCIEZ"},"content":{"rendered":"\n<p>Le b\u00e2timent est un dialogue constant entre l\u2019int\u00e9rieur et l\u2019ext\u00e9rieur. Divis\u00e9 en trois parties distinctes, il permet de conserver un mode de fonctionnement ouvert avec toutes les circulations \u00e0 l\u2019ext\u00e9rieur. Cette particularit\u00e9 architecturale reprend la mani\u00e8re de fonctionner actuelle tr\u00e8s appr\u00e9ci\u00e9e des utilisateurs, tout en l\u2019am\u00e9liorant pour permettre au diff\u00e9rents flux de cohabiter. Les abords de la base sont repens\u00e9s enti\u00e8rement, depuis le bord du Lac, jusqu\u2019au parking voiture qui sera en fond de parcelle. Ce projet traite des probl\u00e9matiques sensibles li\u00e9es au bord du Lac L\u00e9man, l\u2019int\u00e9gration, les mat\u00e9riaux, l\u2019impact visuel depuis l\u2019eau\u2026<br>Sur ce projet l\u2019id\u00e9e et de repenser enti\u00e8rement le site comme un espace ouvert avec des usages et des flux diff\u00e9rents en fonction des activit\u00e9s pr\u00e9sentes sur le site (aviron, voile, kayak\u2026). Le bois et le m\u00e9tal viennent habiller le b\u00e2timent.<br>La base nautique de Sciez est un b\u00e2timent pens\u00e9 pour s&rsquo;estomper face au lac et pour faire place aux usagers. L&rsquo;ensemble des circulations se trouvant \u00e0 l&rsquo;ext\u00e9rieur, l&rsquo;entretien du b\u00e2timent est ainsi simplifi\u00e9 et les usagers circulent directement \u00e0 l&rsquo;ext\u00e9rieur.<\/p>\n\n\n\n<p><\/p>\n","protected":false},"excerpt":{"rendered":"<p>Le b\u00e2timent est un dialogue constant entre l\u2019int\u00e9rieur et l\u2019ext\u00e9rieur. Divis\u00e9 en trois parties distinctes, il permet de conserver un mode de fonctionnement ouvert avec toutes les circulations \u00e0 l\u2019ext\u00e9rieur. Cette particularit\u00e9 architecturale reprend la mani\u00e8re de fonctionner actuelle tr\u00e8s appr\u00e9ci\u00e9e des utilisateurs, tout en l\u2019am\u00e9liorant pour permettre au diff\u00e9rents flux de cohabiter. Les abords [&hellip;]<\/p>\n","protected":false},"author":1,"featured_media":396,"comment_status":"open","ping_status":"open","sticky":false,"template":"","format":"standard","meta":{"footnotes":""},"categories":[18],"tags":[20,21,22],"class_list":["post-525","post","type-post","status-publish","format-standard","has-post-thumbnail","hentry","category-lifestyle","tag-art","tag-inovative","tag-public"],"yoast_head":"<!-- This site is optimized with the Yoast SEO plugin v24.0 - https:\/\/yoast.com\/wordpress\/plugins\/seo\/ -->\n<title>Base nautique Sciez Architecte Haute-Savoie<\/title>\n<meta name=\"description\" content=\"BASE NAUTIQUE DE SCIEZ La bas nautique de Sciez est situ\u00e9e au bord du lac L\u00e9man en Haute-Savoie. Architecte Haute-Savoie.\" \/>\n<meta name=\"robots\" content=\"index, follow, max-snippet:-1, max-image-preview:large, max-video-preview:-1\" \/>\n<link rel=\"canonical\" href=\"https:\/\/dessein-architectes.com\/index.php\/2021\/10\/12\/base-nautique-de-sciez-sur-leman-architecte\/\" \/>\n<meta property=\"og:locale\" content=\"fr_FR\" \/>\n<meta property=\"og:type\" content=\"article\" \/>\n<meta property=\"og:title\" content=\"Base nautique Sciez Architecte Haute-Savoie\" \/>\n<meta property=\"og:description\" content=\"BASE NAUTIQUE DE SCIEZ La bas nautique de Sciez est situ\u00e9e au bord du lac L\u00e9man en Haute-Savoie. Architecte Haute-Savoie.\" \/>\n<meta property=\"og:url\" content=\"https:\/\/dessein-architectes.com\/index.php\/2021\/10\/12\/base-nautique-de-sciez-sur-leman-architecte\/\" \/>\n<meta property=\"og:site_name\" content=\"Dessein Architectes\" \/>\n<meta property=\"article:published_time\" content=\"2021-10-12T11:46:09+00:00\" \/>\n<meta property=\"article:modified_time\" content=\"2024-12-20T08:28:18+00:00\" \/>\n<meta property=\"og:image\" content=\"http:\/\/dessein-architectes.com\/wp-content\/uploads\/2021\/10\/bs-featured-img2.jpg\" \/>\n\t<meta property=\"og:image:width\" content=\"1300\" \/>\n\t<meta property=\"og:image:height\" content=\"786\" \/>\n\t<meta property=\"og:image:type\" content=\"image\/jpeg\" \/>\n<meta name=\"author\" content=\"admin8619\" \/>\n<meta name=\"twitter:card\" content=\"summary_large_image\" \/>\n<meta name=\"twitter:label1\" content=\"\u00c9crit par\" \/>\n\t<meta name=\"twitter:data1\" content=\"admin8619\" \/>\n\t<meta name=\"twitter:label2\" content=\"Dur\u00e9e de lecture estim\u00e9e\" \/>\n\t<meta name=\"twitter:data2\" content=\"2 minutes\" \/>\n<script type=\"application\/ld+json\" class=\"yoast-schema-graph\">{\"@context\":\"https:\/\/schema.org\",\"@graph\":[{\"@type\":\"Article\",\"@id\":\"https:\/\/dessein-architectes.com\/index.php\/2021\/10\/12\/base-nautique-de-sciez-sur-leman-architecte\/#article\",\"isPartOf\":{\"@id\":\"https:\/\/dessein-architectes.com\/index.php\/2021\/10\/12\/base-nautique-de-sciez-sur-leman-architecte\/\"},\"author\":{\"name\":\"admin8619\",\"@id\":\"https:\/\/dessein-architectes.com\/#\/schema\/person\/437ace34e5080754b7dd13e14af49b44\"},\"headline\":\"BASE NAUTIQUE DE SCIEZ\",\"datePublished\":\"2021-10-12T11:46:09+00:00\",\"dateModified\":\"2024-12-20T08:28:18+00:00\",\"mainEntityOfPage\":{\"@id\":\"https:\/\/dessein-architectes.com\/index.php\/2021\/10\/12\/base-nautique-de-sciez-sur-leman-architecte\/\"},\"wordCount\":218,\"commentCount\":0,\"publisher\":{\"@id\":\"https:\/\/dessein-architectes.com\/#organization\"},\"image\":{\"@id\":\"https:\/\/dessein-architectes.com\/index.php\/2021\/10\/12\/base-nautique-de-sciez-sur-leman-architecte\/#primaryimage\"},\"thumbnailUrl\":\"https:\/\/dessein-architectes.com\/wp-content\/uploads\/2021\/10\/bs-featured-img2.jpg\",\"keywords\":[\"Art\",\"Inovative\",\"Public\"],\"articleSection\":[\"Lifestyle\"],\"inLanguage\":\"fr-FR\",\"potentialAction\":[{\"@type\":\"CommentAction\",\"name\":\"Comment\",\"target\":[\"https:\/\/dessein-architectes.com\/index.php\/2021\/10\/12\/base-nautique-de-sciez-sur-leman-architecte\/#respond\"]}]},{\"@type\":\"WebPage\",\"@id\":\"https:\/\/dessein-architectes.com\/index.php\/2021\/10\/12\/base-nautique-de-sciez-sur-leman-architecte\/\",\"url\":\"https:\/\/dessein-architectes.com\/index.php\/2021\/10\/12\/base-nautique-de-sciez-sur-leman-architecte\/\",\"name\":\"Base nautique Sciez Architecte Haute-Savoie\",\"isPartOf\":{\"@id\":\"https:\/\/dessein-architectes.com\/#website\"},\"primaryImageOfPage\":{\"@id\":\"https:\/\/dessein-architectes.com\/index.php\/2021\/10\/12\/base-nautique-de-sciez-sur-leman-architecte\/#primaryimage\"},\"image\":{\"@id\":\"https:\/\/dessein-architectes.com\/index.php\/2021\/10\/12\/base-nautique-de-sciez-sur-leman-architecte\/#primaryimage\"},\"thumbnailUrl\":\"https:\/\/dessein-architectes.com\/wp-content\/uploads\/2021\/10\/bs-featured-img2.jpg\",\"datePublished\":\"2021-10-12T11:46:09+00:00\",\"dateModified\":\"2024-12-20T08:28:18+00:00\",\"description\":\"BASE NAUTIQUE DE SCIEZ La bas nautique de Sciez est situ\u00e9e au bord du lac L\u00e9man en Haute-Savoie. Architecte Haute-Savoie.\",\"breadcrumb\":{\"@id\":\"https:\/\/dessein-architectes.com\/index.php\/2021\/10\/12\/base-nautique-de-sciez-sur-leman-architecte\/#breadcrumb\"},\"inLanguage\":\"fr-FR\",\"potentialAction\":[{\"@type\":\"ReadAction\",\"target\":[\"https:\/\/dessein-architectes.com\/index.php\/2021\/10\/12\/base-nautique-de-sciez-sur-leman-architecte\/\"]}]},{\"@type\":\"ImageObject\",\"inLanguage\":\"fr-FR\",\"@id\":\"https:\/\/dessein-architectes.com\/index.php\/2021\/10\/12\/base-nautique-de-sciez-sur-leman-architecte\/#primaryimage\",\"url\":\"https:\/\/dessein-architectes.com\/wp-content\/uploads\/2021\/10\/bs-featured-img2.jpg\",\"contentUrl\":\"https:\/\/dessein-architectes.com\/wp-content\/uploads\/2021\/10\/bs-featured-img2.jpg\",\"width\":1300,\"height\":786,\"caption\":\"a\"},{\"@type\":\"BreadcrumbList\",\"@id\":\"https:\/\/dessein-architectes.com\/index.php\/2021\/10\/12\/base-nautique-de-sciez-sur-leman-architecte\/#breadcrumb\",\"itemListElement\":[{\"@type\":\"ListItem\",\"position\":1,\"name\":\"Accueil\",\"item\":\"https:\/\/dessein-architectes.com\/\"},{\"@type\":\"ListItem\",\"position\":2,\"name\":\"BASE NAUTIQUE DE SCIEZ\"}]},{\"@type\":\"WebSite\",\"@id\":\"https:\/\/dessein-architectes.com\/#website\",\"url\":\"https:\/\/dessein-architectes.com\/\",\"name\":\"Dessein Architectes\",\"description\":\"Dessein Architectes\",\"publisher\":{\"@id\":\"https:\/\/dessein-architectes.com\/#organization\"},\"potentialAction\":[{\"@type\":\"SearchAction\",\"target\":{\"@type\":\"EntryPoint\",\"urlTemplate\":\"https:\/\/dessein-architectes.com\/?s={search_term_string}\"},\"query-input\":{\"@type\":\"PropertyValueSpecification\",\"valueRequired\":true,\"valueName\":\"search_term_string\"}}],\"inLanguage\":\"fr-FR\"},{\"@type\":\"Organization\",\"@id\":\"https:\/\/dessein-architectes.com\/#organization\",\"name\":\"Dessein Architectes\",\"url\":\"https:\/\/dessein-architectes.com\/\",\"logo\":{\"@type\":\"ImageObject\",\"inLanguage\":\"fr-FR\",\"@id\":\"https:\/\/dessein-architectes.com\/#\/schema\/logo\/image\/\",\"url\":\"https:\/\/dessein-architectes.com\/wp-content\/uploads\/2024\/09\/cropped-cropped-LOGO-SEUL-NOIR.png\",\"contentUrl\":\"https:\/\/dessein-architectes.com\/wp-content\/uploads\/2024\/09\/cropped-cropped-LOGO-SEUL-NOIR.png\",\"width\":512,\"height\":512,\"caption\":\"Dessein Architectes\"},\"image\":{\"@id\":\"https:\/\/dessein-architectes.com\/#\/schema\/logo\/image\/\"},\"sameAs\":[\"https:\/\/www.instagram.com\/dessein.architectes\/\"]},{\"@type\":\"Person\",\"@id\":\"https:\/\/dessein-architectes.com\/#\/schema\/person\/437ace34e5080754b7dd13e14af49b44\",\"name\":\"admin8619\",\"image\":{\"@type\":\"ImageObject\",\"inLanguage\":\"fr-FR\",\"@id\":\"https:\/\/dessein-architectes.com\/#\/schema\/person\/image\/\",\"url\":\"https:\/\/secure.gravatar.com\/avatar\/738290c4177861859bc800acdf16f5e24693f731f3c42eb554917e1bddb0694e?s=96&d=mm&r=g\",\"contentUrl\":\"https:\/\/secure.gravatar.com\/avatar\/738290c4177861859bc800acdf16f5e24693f731f3c42eb554917e1bddb0694e?s=96&d=mm&r=g\",\"caption\":\"admin8619\"},\"sameAs\":[\"http:\/\/dessein-architectes.com\"],\"url\":\"https:\/\/dessein-architectes.com\/index.php\/author\/admin8619\/\"}]}<\/script>\n<!-- \/ Yoast SEO plugin. -->","yoast_head_json":{"title":"Base nautique Sciez Architecte Haute-Savoie","description":"BASE NAUTIQUE DE SCIEZ La bas nautique de Sciez est situ\u00e9e au bord du lac L\u00e9man en Haute-Savoie. Architecte Haute-Savoie.","robots":{"index":"index","follow":"follow","max-snippet":"max-snippet:-1","max-image-preview":"max-image-preview:large","max-video-preview":"max-video-preview:-1"},"canonical":"https:\/\/dessein-architectes.com\/index.php\/2021\/10\/12\/base-nautique-de-sciez-sur-leman-architecte\/","og_locale":"fr_FR","og_type":"article","og_title":"Base nautique Sciez Architecte Haute-Savoie","og_description":"BASE NAUTIQUE DE SCIEZ La bas nautique de Sciez est situ\u00e9e au bord du lac L\u00e9man en Haute-Savoie. Architecte Haute-Savoie.","og_url":"https:\/\/dessein-architectes.com\/index.php\/2021\/10\/12\/base-nautique-de-sciez-sur-leman-architecte\/","og_site_name":"Dessein Architectes","article_published_time":"2021-10-12T11:46:09+00:00","article_modified_time":"2024-12-20T08:28:18+00:00","og_image":[{"width":1300,"height":786,"url":"http:\/\/dessein-architectes.com\/wp-content\/uploads\/2021\/10\/bs-featured-img2.jpg","type":"image\/jpeg"}],"author":"admin8619","twitter_card":"summary_large_image","twitter_misc":{"\u00c9crit par":"admin8619","Dur\u00e9e de lecture estim\u00e9e":"2 minutes"},"schema":{"@context":"https:\/\/schema.org","@graph":[{"@type":"Article","@id":"https:\/\/dessein-architectes.com\/index.php\/2021\/10\/12\/base-nautique-de-sciez-sur-leman-architecte\/#article","isPartOf":{"@id":"https:\/\/dessein-architectes.com\/index.php\/2021\/10\/12\/base-nautique-de-sciez-sur-leman-architecte\/"},"author":{"name":"admin8619","@id":"https:\/\/dessein-architectes.com\/#\/schema\/person\/437ace34e5080754b7dd13e14af49b44"},"headline":"BASE NAUTIQUE DE SCIEZ","datePublished":"2021-10-12T11:46:09+00:00","dateModified":"2024-12-20T08:28:18+00:00","mainEntityOfPage":{"@id":"https:\/\/dessein-architectes.com\/index.php\/2021\/10\/12\/base-nautique-de-sciez-sur-leman-architecte\/"},"wordCount":218,"commentCount":0,"publisher":{"@id":"https:\/\/dessein-architectes.com\/#organization"},"image":{"@id":"https:\/\/dessein-architectes.com\/index.php\/2021\/10\/12\/base-nautique-de-sciez-sur-leman-architecte\/#primaryimage"},"thumbnailUrl":"https:\/\/dessein-architectes.com\/wp-content\/uploads\/2021\/10\/bs-featured-img2.jpg","keywords":["Art","Inovative","Public"],"articleSection":["Lifestyle"],"inLanguage":"fr-FR","potentialAction":[{"@type":"CommentAction","name":"Comment","target":["https:\/\/dessein-architectes.com\/index.php\/2021\/10\/12\/base-nautique-de-sciez-sur-leman-architecte\/#respond"]}]},{"@type":"WebPage","@id":"https:\/\/dessein-architectes.com\/index.php\/2021\/10\/12\/base-nautique-de-sciez-sur-leman-architecte\/","url":"https:\/\/dessein-architectes.com\/index.php\/2021\/10\/12\/base-nautique-de-sciez-sur-leman-architecte\/","name":"Base nautique Sciez Architecte Haute-Savoie","isPartOf":{"@id":"https:\/\/dessein-architectes.com\/#website"},"primaryImageOfPage":{"@id":"https:\/\/dessein-architectes.com\/index.php\/2021\/10\/12\/base-nautique-de-sciez-sur-leman-architecte\/#primaryimage"},"image":{"@id":"https:\/\/dessein-architectes.com\/index.php\/2021\/10\/12\/base-nautique-de-sciez-sur-leman-architecte\/#primaryimage"},"thumbnailUrl":"https:\/\/dessein-architectes.com\/wp-content\/uploads\/2021\/10\/bs-featured-img2.jpg","datePublished":"2021-10-12T11:46:09+00:00","dateModified":"2024-12-20T08:28:18+00:00","description":"BASE NAUTIQUE DE SCIEZ La bas nautique de Sciez est situ\u00e9e au bord du lac L\u00e9man en Haute-Savoie. Architecte Haute-Savoie.","breadcrumb":{"@id":"https:\/\/dessein-architectes.com\/index.php\/2021\/10\/12\/base-nautique-de-sciez-sur-leman-architecte\/#breadcrumb"},"inLanguage":"fr-FR","potentialAction":[{"@type":"ReadAction","target":["https:\/\/dessein-architectes.com\/index.php\/2021\/10\/12\/base-nautique-de-sciez-sur-leman-architecte\/"]}]},{"@type":"ImageObject","inLanguage":"fr-FR","@id":"https:\/\/dessein-architectes.com\/index.php\/2021\/10\/12\/base-nautique-de-sciez-sur-leman-architecte\/#primaryimage","url":"https:\/\/dessein-architectes.com\/wp-content\/uploads\/2021\/10\/bs-featured-img2.jpg","contentUrl":"https:\/\/dessein-architectes.com\/wp-content\/uploads\/2021\/10\/bs-featured-img2.jpg","width":1300,"height":786,"caption":"a"},{"@type":"BreadcrumbList","@id":"https:\/\/dessein-architectes.com\/index.php\/2021\/10\/12\/base-nautique-de-sciez-sur-leman-architecte\/#breadcrumb","itemListElement":[{"@type":"ListItem","position":1,"name":"Accueil","item":"https:\/\/dessein-architectes.com\/"},{"@type":"ListItem","position":2,"name":"BASE NAUTIQUE DE SCIEZ"}]},{"@type":"WebSite","@id":"https:\/\/dessein-architectes.com\/#website","url":"https:\/\/dessein-architectes.com\/","name":"Dessein Architectes","description":"Dessein Architectes","publisher":{"@id":"https:\/\/dessein-architectes.com\/#organization"},"potentialAction":[{"@type":"SearchAction","target":{"@type":"EntryPoint","urlTemplate":"https:\/\/dessein-architectes.com\/?s={search_term_string}"},"query-input":{"@type":"PropertyValueSpecification","valueRequired":true,"valueName":"search_term_string"}}],"inLanguage":"fr-FR"},{"@type":"Organization","@id":"https:\/\/dessein-architectes.com\/#organization","name":"Dessein Architectes","url":"https:\/\/dessein-architectes.com\/","logo":{"@type":"ImageObject","inLanguage":"fr-FR","@id":"https:\/\/dessein-architectes.com\/#\/schema\/logo\/image\/","url":"https:\/\/dessein-architectes.com\/wp-content\/uploads\/2024\/09\/cropped-cropped-LOGO-SEUL-NOIR.png","contentUrl":"https:\/\/dessein-architectes.com\/wp-content\/uploads\/2024\/09\/cropped-cropped-LOGO-SEUL-NOIR.png","width":512,"height":512,"caption":"Dessein Architectes"},"image":{"@id":"https:\/\/dessein-architectes.com\/#\/schema\/logo\/image\/"},"sameAs":["https:\/\/www.instagram.com\/dessein.architectes\/"]},{"@type":"Person","@id":"https:\/\/dessein-architectes.com\/#\/schema\/person\/437ace34e5080754b7dd13e14af49b44","name":"admin8619","image":{"@type":"ImageObject","inLanguage":"fr-FR","@id":"https:\/\/dessein-architectes.com\/#\/schema\/person\/image\/","url":"https:\/\/secure.gravatar.com\/avatar\/738290c4177861859bc800acdf16f5e24693f731f3c42eb554917e1bddb0694e?s=96&d=mm&r=g","contentUrl":"https:\/\/secure.gravatar.com\/avatar\/738290c4177861859bc800acdf16f5e24693f731f3c42eb554917e1bddb0694e?s=96&d=mm&r=g","caption":"admin8619"},"sameAs":["http:\/\/dessein-architectes.com"],"url":"https:\/\/dessein-architectes.com\/index.php\/author\/admin8619\/"}]}},"_links":{"self":[{"href":"https:\/\/dessein-architectes.com\/index.php\/wp-json\/wp\/v2\/posts\/525","targetHints":{"allow":["GET"]}}],"collection":[{"href":"https:\/\/dessein-architectes.com\/index.php\/wp-json\/wp\/v2\/posts"}],"about":[{"href":"https:\/\/dessein-architectes.com\/index.php\/wp-json\/wp\/v2\/types\/post"}],"author":[{"embeddable":true,"href":"https:\/\/dessein-architectes.com\/index.php\/wp-json\/wp\/v2\/users\/1"}],"replies":[{"embeddable":true,"href":"https:\/\/dessein-architectes.com\/index.php\/wp-json\/wp\/v2\/comments?post=525"}],"version-history":[{"count":2,"href":"https:\/\/dessein-architectes.com\/index.php\/wp-json\/wp\/v2\/posts\/525\/revisions"}],"predecessor-version":[{"id":5939,"href":"https:\/\/dessein-architectes.com\/index.php\/wp-json\/wp\/v2\/posts\/525\/revisions\/5939"}],"wp:featuredmedia":[{"embeddable":true,"href":"https:\/\/dessein-architectes.com\/index.php\/wp-json\/wp\/v2\/media\/396"}],"wp:attachment":[{"href":"https:\/\/dessein-architectes.com\/index.php\/wp-json\/wp\/v2\/media?parent=525"}],"wp:term":[{"taxonomy":"category","embeddable":true,"href":"https:\/\/dessein-architectes.com\/index.php\/wp-json\/wp\/v2\/categories?post=525"},{"taxonomy":"post_tag","embeddable":true,"href":"https:\/\/dessein-architectes.com\/index.php\/wp-json\/wp\/v2\/tags?post=525"}],"curies":[{"name":"wp","href":"https:\/\/api.w.org\/{rel}","templated":true}]}}